{"id":2304,"date":"2024-07-25T13:39:42","date_gmt":"2024-07-25T13:39:42","guid":{"rendered":"https:\/\/amicc.az\/?p=2304"},"modified":"2024-07-25T13:40:14","modified_gmt":"2024-07-25T13:40:14","slug":"almaniyadaki-azerbaycanli-hekimlerin-iii-forumu","status":"publish","type":"post","link":"https:\/\/amicc.az\/?p=2304","title":{"rendered":"ALMAN\u0130YADAKI AZ\u018fRBAYCANLI H\u018fK\u0130ML\u018fR\u0130N III FORUMU"},"content":{"rendered":"<p><img decoding=\"async\" src=\"http:\/\/amicc.az\/wp-content\/uploads\/2024\/07\/bonn-3.jpg\" \/><\/p>\n<p>&nbsp;<\/p>\n<p>Prof. Qurbanxan M\u00fcsl\u00fcmov 14 sentyabr 2024 c\u00fc ild\u0259 Almaniyan\u0131n Bonn \u015f\u0259h\u0259rind\u0259 ke\u00e7iril\u0259c\u0259k Almaniyada \u00e7al\u0131\u015fan h\u0259kiml\u0259rin n\u00f6vb\u0259ti formuna m\u0259ruz\u0259\u00e7i qismind\u0259 d\u0259v\u0259t edilmi\u015fdir. Forumumuz ild\u0259 bir d\u0259f\u0259 ba\u015f tutur v\u0259 bu ild\u0259 Almaniyada i\u015fl\u0259mi\u015f h\u0259kim kimi, xaricd\u0259 t\u0259hsil alm\u0131\u015f h\u0259kiml\u0259rin Az\u0259rbaycanda i\u015fl\u0259m\u0259si, onun probleml\u0259ri haqq\u0131nda panel m\u00fczakir\u0259l\u0259rin apar\u0131c\u0131lar\u0131ndan biri qismind\u0259 d\u0259v\u0259t edilmi\u015fdir. Foruma qeydiyyatdan ke\u00e7ib i\u015ftirak etm\u0259k \u00fc\u00e7\u00fcn a\u015fa\u011f\u0131dak\u0131 linkd\u0259n yararlana bil\u0259rsiniz.<\/p>\n<p><a href=\"https:\/\/www.cognitoforms.com\/Diasporgovaz\/ALMAN%C4%B0YADAKIAZ%C6%8FRBAYCANLIH%C6%8FK%C4%B0ML%C6%8FR%C4%B0NIIIFORUMU?fbclid=IwZXh0bgNhZW0CMTAAAR1r9sKOgi_mBptdB2wCovyGqGnENd-5tMdVdkqO4Mav3smdy4zZaWHR0ho_aem_RHmY6DZ3H57AqDDLSnmjyA\">https:\/\/www.cognitoforms.com\/Diasporgovaz\/ALMAN%C4%B0YADAKIAZ%C6%8FRBAYCANLIH%C6%8FK%C4%B0ML%C6%8FR%C4%B0NIIIFORUMU?fbclid=IwZXh0bgNhZW0CMTAAAR1r9sKOgi_mBptdB2wCovyGqGnENd-5tMdVdkqO4Mav3smdy4zZaWHR0ho_aem_RHmY6DZ3H57AqDDLSnmjyA<\/a><\/p>\n","protected":false},"excerpt":{"rendered":"<p>&nbsp; Prof. Qurbanxan M\u00fcsl\u00fcmov 14 sentyabr 2024 c\u00fc ild\u0259 Almaniyan\u0131n Bonn \u015f\u0259h\u0259rind\u0259 ke\u00e7iril\u0259c\u0259k Almaniyada \u00e7al\u0131\u015fan h\u0259kiml\u0259rin n\u00f6vb\u0259ti formuna m\u0259ruz\u0259\u00e7i qismind\u0259 d\u0259v\u0259t edilmi\u015fdir. Forumumuz ild\u0259 bir d\u0259f\u0259 ba\u015f tutur v\u0259 bu ild\u0259 Almaniyada i\u015fl\u0259mi\u015f h\u0259kim kimi, xaricd\u0259 t\u0259hsil alm\u0131\u015f h\u0259kiml\u0259rin Az\u0259rbaycanda i\u015fl\u0259m\u0259si, onun probleml\u0259ri haqq\u0131nda panel m\u00fczakir\u0259l\u0259rin apar\u0131c\u0131lar\u0131ndan biri qismind\u0259 d\u0259v\u0259t edilmi\u015fdir. Foruma qeydiyyatdan ke\u00e7ib i\u015ftirak [&hellip;]<\/p>\n","protected":false},"author":3,"featured_media":0,"comment_status":"closed","ping_status":"closed","sticky":false,"template":"","format":"standard","meta":{"ngg_post_thumbnail":0,"footnotes":""},"categories":[1],"tags":[],"_links":{"self":[{"href":"https:\/\/amicc.az\/index.php?rest_route=\/wp\/v2\/posts\/2304"}],"collection":[{"href":"https:\/\/amicc.az\/index.php?rest_route=\/wp\/v2\/posts"}],"about":[{"href":"https:\/\/amicc.az\/index.php?rest_route=\/wp\/v2\/types\/post"}],"author":[{"embeddable":true,"href":"https:\/\/amicc.az\/index.php?rest_route=\/wp\/v2\/users\/3"}],"replies":[{"embeddable":true,"href":"https:\/\/amicc.az\/index.php?rest_route=%2Fwp%2Fv2%2Fcomments&post=2304"}],"version-history":[{"count":2,"href":"https:\/\/amicc.az\/index.php?rest_route=\/wp\/v2\/posts\/2304\/revisions"}],"predecessor-version":[{"id":2307,"href":"https:\/\/amicc.az\/index.php?rest_route=\/wp\/v2\/posts\/2304\/revisions\/2307"}],"wp:attachment":[{"href":"https:\/\/amicc.az\/index.php?rest_route=%2Fwp%2Fv2%2Fmedia&parent=2304"}],"wp:term":[{"taxonomy":"category","embeddable":true,"href":"https:\/\/amicc.az\/index.php?rest_route=%2Fwp%2Fv2%2Fcategories&post=2304"},{"taxonomy":"post_tag","embeddable":true,"href":"https:\/\/amicc.az\/index.php?rest_route=%2Fwp%2Fv2%2Ftags&post=2304"}],"curies":[{"name":"wp","href":"https:\/\/api.w.org\/{rel}","templated":true}]}}