{"id":2147,"date":"2024-07-01T08:52:01","date_gmt":"2024-07-01T08:52:01","guid":{"rendered":"https:\/\/amicc.az\/?p=2147"},"modified":"2024-07-01T08:54:38","modified_gmt":"2024-07-01T08:54:38","slug":"ozb%c9%99kistan-televiziyasinda-endican-s%c9%99h%c9%99rind%c9%99-az%c9%99rbaycanli-mut%c9%99x%c9%99ssisl%c9%99rin-istiraki-il%c9%99-keciril%c9%99n-konfras-haqqinda-video-yayilmisdir","status":"publish","type":"post","link":"https:\/\/amicc.az\/?p=2147","title":{"rendered":"2-ci Az\u0259rbaycan \u2013 \u00d6zb\u0259kistan tibb g\u00fcnl\u0259ri"},"content":{"rendered":"<h1><strong>\u00d6zb\u0259kistan televiziyas\u0131nda \u018fndican \u015e\u0259h\u0259rind\u0259 Az\u0259rbaycanl\u0131 m\u00fct\u0259x\u0259ssisl\u0259rin i\u015ftirak\u0131 il\u0259 ke\u00e7iril\u0259n konfras haqq\u0131nda video yay\u0131lm\u0131\u015fd\u0131r<\/strong><\/h1>\n<h3>\u00d6zb\u0259kistan\u0131n 4 milyondan \u00e7ox \u0259hali ya\u015fayan \u018fndican vilay\u0259tinin d\u00f6vl\u0259t televiziyas\u0131nda 27-30 iyun tarixl\u0259rind\u0259 \u018fndican \u015f\u0259h\u0259rind\u0259 ke\u00e7iril\u0259n Az\u0259rbaycan &#8211; \u00d6zb\u0259kistan tibb g\u00fcnl\u0259rinin gedi\u015fi haqq\u0131nda video material yay\u0131lm\u0131\u015fd\u0131r.<\/h3>\n<p>&nbsp;<\/p>\n<p>&nbsp;<\/p>\n<div style=\"width: 640px;\" class=\"wp-video\"><!--[if lt IE 9]><script>document.createElement('video');<\/script><![endif]-->\n<video class=\"wp-video-shortcode\" id=\"video-2147-1\" width=\"640\" height=\"360\" preload=\"metadata\" controls=\"controls\"><source type=\"video\/mp4\" src=\"http:\/\/amicc.az\/wp-content\/uploads\/2024\/07\/7.mp4?_=1\" \/><a href=\"http:\/\/amicc.az\/wp-content\/uploads\/2024\/07\/7.mp4\">http:\/\/amicc.az\/wp-content\/uploads\/2024\/07\/7.mp4<\/a><\/video><\/div>\n","protected":false},"excerpt":{"rendered":"<p>\u00d6zb\u0259kistan televiziyas\u0131nda \u018fndican \u015e\u0259h\u0259rind\u0259 Az\u0259rbaycanl\u0131 m\u00fct\u0259x\u0259ssisl\u0259rin i\u015ftirak\u0131 il\u0259 ke\u00e7iril\u0259n konfras haqq\u0131nda video yay\u0131lm\u0131\u015fd\u0131r \u00d6zb\u0259kistan\u0131n 4 milyondan \u00e7ox \u0259hali ya\u015fayan \u018fndican vilay\u0259tinin d\u00f6vl\u0259t televiziyas\u0131nda 27-30 iyun tarixl\u0259rind\u0259 \u018fndican \u015f\u0259h\u0259rind\u0259 ke\u00e7iril\u0259n Az\u0259rbaycan &#8211; \u00d6zb\u0259kistan tibb g\u00fcnl\u0259rinin gedi\u015fi haqq\u0131nda video material yay\u0131lm\u0131\u015fd\u0131r. &nbsp; &nbsp; http:\/\/amicc.az\/wp-content\/uploads\/2024\/07\/7.mp4<\/p>\n","protected":false},"author":3,"featured_media":0,"comment_status":"closed","ping_status":"closed","sticky":false,"template":"","format":"standard","meta":{"ngg_post_thumbnail":0,"footnotes":""},"categories":[1],"tags":[],"_links":{"self":[{"href":"https:\/\/amicc.az\/index.php?rest_route=\/wp\/v2\/posts\/2147"}],"collection":[{"href":"https:\/\/amicc.az\/index.php?rest_route=\/wp\/v2\/posts"}],"about":[{"href":"https:\/\/amicc.az\/index.php?rest_route=\/wp\/v2\/types\/post"}],"author":[{"embeddable":true,"href":"https:\/\/amicc.az\/index.php?rest_route=\/wp\/v2\/users\/3"}],"replies":[{"embeddable":true,"href":"https:\/\/amicc.az\/index.php?rest_route=%2Fwp%2Fv2%2Fcomments&post=2147"}],"version-history":[{"count":4,"href":"https:\/\/amicc.az\/index.php?rest_route=\/wp\/v2\/posts\/2147\/revisions"}],"predecessor-version":[{"id":2151,"href":"https:\/\/amicc.az\/index.php?rest_route=\/wp\/v2\/posts\/2147\/revisions\/2151"}],"wp:attachment":[{"href":"https:\/\/amicc.az\/index.php?rest_route=%2Fwp%2Fv2%2Fmedia&parent=2147"}],"wp:term":[{"taxonomy":"category","embeddable":true,"href":"https:\/\/amicc.az\/index.php?rest_route=%2Fwp%2Fv2%2Fcategories&post=2147"},{"taxonomy":"post_tag","embeddable":true,"href":"https:\/\/amicc.az\/index.php?rest_route=%2Fwp%2Fv2%2Ftags&post=2147"}],"curies":[{"name":"wp","href":"https:\/\/api.w.org\/{rel}","templated":true}]}}