{"id":2132,"date":"2024-06-29T13:52:51","date_gmt":"2024-06-29T13:52:51","guid":{"rendered":"https:\/\/amicc.az\/?p=2132"},"modified":"2024-06-29T13:57:11","modified_gmt":"2024-06-29T13:57:11","slug":"ozb%c9%99kistanin-endican-s%c9%99h%c9%99rind%c9%99-keciril%c9%99n-novb%c9%99ti-az%c9%99rbaycan-ozb%c9%99kistan-tibb-gunl%c9%99rinin-2-ci-gunu-bas-tutdu","status":"publish","type":"post","link":"https:\/\/amicc.az\/?p=2132","title":{"rendered":"\u00d6zb\u0259kistan\u0131n \u018fndican \u015f\u0259h\u0259rind\u0259 ke\u00e7iril\u0259n n\u00f6vb\u0259ti Az\u0259rbaycan \u2013 \u00d6zb\u0259kistan Tibb G\u00fcnl\u0259rinin 2-ci g\u00fcn\u00fc ba\u015f tutdu"},"content":{"rendered":"\n<p>&nbsp;<\/p>\n<p>\u00d6zb\u0259kistanda 27-30 iyun 2024-c\u00fc il tarixl\u0259rind\u0259 ke\u00e7iril\u0259n 2-ci Az\u0259rbaycan \u2013 \u00d6zb\u0259kistan tibb g\u00fcnl\u0259ri davam edir. Bu g\u00fcn\u00fcn birinci yars\u0131nda toplant\u0131 \u018fndican D\u00f6vl\u0259t Tibb \u0130nstutunda ba\u015flad\u0131. \u018fndican D\u00f6vl\u0259t Tibb \u0130nstitunun zal\u0131nda universitetinin r\u0259hb\u0259rliyi proffersor, m\u00fc\u0259llim v\u0259 t\u0259l\u0259b\u0259l\u0259ri \u00fc\u00e7\u00fcn az\u0259rbaycanl\u0131 m\u00fct\u0259x\u0259ssisl\u0259r t\u0259r\u0259find\u0259n leksiyalar oxundu. Prof. Qurbanxan M\u00fcsl\u00fcmov Minimal \u0130nvaziv C\u0259rrahiyy\u0259d\u0259 v\u0259 Endoskopik c\u0259rrahiyy\u0259d\u0259 olan \u0259n son yenilikl\u0259r haqq\u0131nda m\u0259lumat verdi v\u0259 i\u015ftirak\u00e7\u0131lar\u0131 maraqland\u0131ran suallara cavab verdi. Bunun ard\u0131nca PhD. Dr. F\u0259rid R\u0259fiyev Bariatrik c\u0259rrahiyy\u0259d\u0259 son yenilikl\u0259r, Dr. Nicat Al\u0131\u015fev invaziv v\u0259 onkoloji radiologiyada olan son yenilikl\u0259r v\u0259 Dr. Z\u00f6hr\u0259 Azadova lazer proktologiyada v\u0259 lazer c\u0259rrahiyy\u0259sind\u0259 olan son yenilikl\u0259r haqq\u0131nda i\u015ftirak\u00e7\u0131lara m\u0259ruz\u0259l\u0259r oxundu. M\u0259ruz\u0259l\u0259r \u00e7ox maraqla qar\u015f\u0131land\u0131. Universitetin rektoru Prof. Madamin Madazimov Az\u0259rbaycandan g\u0259lmi\u015f n\u00fcmay\u0259nd\u0259 heyy\u0259tini \u00e7ox s\u0259mimi salamlad\u0131 v\u0259 oxunan m\u0259ruz\u0259l\u0259rin \u00e7ox d\u0259y\u0259rli oldu\u011funu v\u0259 Az\u0259rbaycanla \u00d6zb\u0259kistan aras\u0131nda olan tibbi \u0259laq\u0259l\u0259rin daha da d\u0259rinl\u0259\u015fm\u0259sin\u0259 s\u0259b\u0259b olaca\u011f\u0131n\u0131 bildirdi. Bunun ard\u0131nca \u018fndican D\u00f6vl\u0259t Tibb \u0130nstitunun elmi \u015furas\u0131n\u0131n yekdil q\u0259rar\u0131 il\u0259 Prof. Qurbanxan F\u0259t\u0259li o\u011flu M\u00fcsl\u00fcmova \u018fndican D\u00f6vl\u0259t Tibb \u0130nstitunun f\u0259xri professoru diplomu t\u0259nt\u0259n\u0259li sur\u0259td\u0259 t\u0259qdim edildi. Diplomu t\u0259qdim ed\u0259n rektor bunu universitetet \u00fc\u00e7\u00fcn \u00e7ox \u0259h\u0259miyy\u0259tli hadis\u0259 v\u0259 Az\u0259rbaycanla \u00d6zb\u0259kistan aras\u0131nda tibbi \u0259laq\u0259l\u0259rin inki\u015faf\u0131nda at\u0131lm\u0131\u015f n\u00f6vb\u0259ti bir add\u0131m oldu\u011funu bildirdi. Bundan sonra universitetin yeni tikil\u0259n universitet klinikalar\u0131 il\u0259 tan\u0131\u015fl\u0131q oldu v\u0259 m\u00fcxt\u0259lif b\u00f6lm\u0259l\u0259rd\u0259 Az\u0259rbaycandan g\u0259lmi\u015f m\u00fct\u0259x\u0259ssisl\u0259rin fikirl\u0259ri il\u0259 tan\u0131\u015f olundu.<br \/>\nG\u00fcn\u00fcn ikinci yar\u0131s\u0131nda tibb bac\u0131lar\u0131 v\u0259 h\u0259kiml\u0259r \u00fc\u00e7\u00fcn canl\u0131 c\u0259rrahiyy\u0259 kursu, anostomoz kursu v\u0259 lazer proktologiya kursu il\u0259 davam etdi v\u0259 canl\u0131 c\u0259rrahiyy\u0259 \u00e7\u0259r\u00e7iv\u0259sind\u0259 m\u00fcr\u0259kk\u0259b pankreas, m\u0259d\u0259 v\u0259 kolon \u0259m\u0259liyyatlar\u0131 icra edildi. \u018fm\u0259liyyatlar h\u0259m zala h\u0259m d\u0259 zoom \u00fcz\u0259rind\u0259n i\u015ftirak\u00e7\u0131lar \u00fc\u00e7\u00fcn transliyasiya edildi. Sabah t\u0259dbir \u00f6z i\u015fini bitir\u0259c\u0259kdir.<\/p>\n<p>&nbsp;<\/p>\n","protected":false},"excerpt":{"rendered":"<p>&nbsp; \u00d6zb\u0259kistanda 27-30 iyun 2024-c\u00fc il tarixl\u0259rind\u0259 ke\u00e7iril\u0259n 2-ci Az\u0259rbaycan \u2013 \u00d6zb\u0259kistan tibb g\u00fcnl\u0259ri davam edir. Bu g\u00fcn\u00fcn birinci yars\u0131nda toplant\u0131 \u018fndican D\u00f6vl\u0259t Tibb \u0130nstutunda ba\u015flad\u0131. \u018fndican D\u00f6vl\u0259t Tibb \u0130nstitunun zal\u0131nda universitetinin r\u0259hb\u0259rliyi proffersor, m\u00fc\u0259llim v\u0259 t\u0259l\u0259b\u0259l\u0259ri \u00fc\u00e7\u00fcn az\u0259rbaycanl\u0131 m\u00fct\u0259x\u0259ssisl\u0259r t\u0259r\u0259find\u0259n leksiyalar oxundu. Prof. Qurbanxan M\u00fcsl\u00fcmov Minimal \u0130nvaziv C\u0259rrahiyy\u0259d\u0259 v\u0259 Endoskopik c\u0259rrahiyy\u0259d\u0259 olan \u0259n son [&hellip;]<\/p>\n","protected":false},"author":3,"featured_media":0,"comment_status":"closed","ping_status":"closed","sticky":false,"template":"","format":"standard","meta":{"ngg_post_thumbnail":0,"footnotes":""},"categories":[1],"tags":[],"_links":{"self":[{"href":"https:\/\/amicc.az\/index.php?rest_route=\/wp\/v2\/posts\/2132"}],"collection":[{"href":"https:\/\/amicc.az\/index.php?rest_route=\/wp\/v2\/posts"}],"about":[{"href":"https:\/\/amicc.az\/index.php?rest_route=\/wp\/v2\/types\/post"}],"author":[{"embeddable":true,"href":"https:\/\/amicc.az\/index.php?rest_route=\/wp\/v2\/users\/3"}],"replies":[{"embeddable":true,"href":"https:\/\/amicc.az\/index.php?rest_route=%2Fwp%2Fv2%2Fcomments&post=2132"}],"version-history":[{"count":3,"href":"https:\/\/amicc.az\/index.php?rest_route=\/wp\/v2\/posts\/2132\/revisions"}],"predecessor-version":[{"id":2135,"href":"https:\/\/amicc.az\/index.php?rest_route=\/wp\/v2\/posts\/2132\/revisions\/2135"}],"wp:attachment":[{"href":"https:\/\/amicc.az\/index.php?rest_route=%2Fwp%2Fv2%2Fmedia&parent=2132"}],"wp:term":[{"taxonomy":"category","embeddable":true,"href":"https:\/\/amicc.az\/index.php?rest_route=%2Fwp%2Fv2%2Fcategories&post=2132"},{"taxonomy":"post_tag","embeddable":true,"href":"https:\/\/amicc.az\/index.php?rest_route=%2Fwp%2Fv2%2Ftags&post=2132"}],"curies":[{"name":"wp","href":"https:\/\/api.w.org\/{rel}","templated":true}]}}