{"id":2067,"date":"2024-06-28T17:10:30","date_gmt":"2024-06-28T17:10:30","guid":{"rendered":"https:\/\/amicc.az\/?p=2067"},"modified":"2024-06-28T17:52:48","modified_gmt":"2024-06-28T17:52:48","slug":"az%c9%99rbaycan-ozb%c9%99kistan-tibb-gunl%c9%99ri","status":"publish","type":"post","link":"https:\/\/amicc.az\/?p=2067","title":{"rendered":"Az\u0259rbaycan \u2013 \u00d6zb\u0259kistan tibb g\u00fcnl\u0259ri"},"content":{"rendered":"<p>Bu g\u00fcn, \u00d6zb\u0259kistan Respublikas\u0131,\u018fndican \u015f\u0259h\u0259rind\u0259 \u00d6zb\u0259kistan S\u0259hiyy\u0259 Nazirliyi, \u00d6zb\u0259kistan T\u0259cili Tibbi Yard\u0131m Elmi T\u0259dqiqat M\u0259rk\u0259zi, \u018fndican Tibb \u0130nstitutu v\u0259 Az\u0259rbaycan Minimal \u0130nvaziv C\u0259rrahlar C\u0259miyy\u0259tinin birg\u0259 t\u0259\u015fkilat\u00e7\u0131l\u0131\u011f\u0131 il\u0259 Az\u0259rbaycan &#8211; \u00d6zb\u0259kistan tibb g\u00fcnl\u0259ri \u00f6z i\u015fin\u0259 ba\u015flad\u0131. T\u0259dbirin i\u015find\u0259 Az\u0259rbaycandan m\u00fcxt\u0259lif ixtisas sahibl\u0259ri olmaqla 8 n\u0259f\u0259r d\u0259v\u0259tli qonaq qismind\u0259 i\u015ftirak edib. T\u0259dbirin a\u00e7\u0131l\u0131\u015f\u0131 \u018fndican vilay\u0259ti hakiminin t\u0259dbir i\u015ftirak\u00e7\u0131lar\u0131na salam\u0131n\u0131n \u00e7atd\u0131r\u0131lmas\u0131 il\u0259 ba\u015flad\u0131. Bunun ard\u0131nca \u018fndican vilay\u0259ti tibb idar\u0259sinin r\u0259hb\u0259ri Azizb\u0259y Mirz\u0259canovun \u00e7\u0131x\u0131\u015f\u0131 il\u0259 davam etdirildi. Azizb\u0259y Mirz\u0259canov \u00f6z \u00e7\u0131x\u0131\u015f\u0131nda bu tip t\u0259dbirl\u0259rin Az\u0259rbaycanla \u00d6zb\u0259kistan aras\u0131nda tibb \u0259laq\u0259l\u0259rinin inki\u015faf\u0131na t\u0259kan ver\u0259c\u0259yi v\u0259 \u00d6zb\u0259kistanl\u0131 m\u00fct\u0259x\u0259ssisl\u0259rin g\u0259l\u0259c\u0259kd\u0259 Az\u0259rbaycanda m\u00fcxt\u0259lif ixtisaslar \u00fczr\u0259 t\u0259hsil almas\u0131 v\u0259 ixtisas kursu ke\u00e7m\u0259sin\u0259 \u015f\u0259rait yaradacaqd\u0131r. Onun ard\u0131nca \u00e7\u0131x\u0131\u015f ed\u0259n Az\u0259rbaycan n\u00fcmay\u0259nd\u0259 hey\u0259tinin r\u0259hb\u0259ri, Az\u0259rbaycan Minimal \u0130nvaziv C\u0259rrahlar C\u0259miyy\u0259tinin v\u0259 Almaz Akademie Tibbi Treninq M\u0259rk\u0259zinin r\u0259hb\u0259ri Prof. Qurbanxan M\u00fcsl\u00fcmov \u00e7\u0131x\u0131\u015f edib. Uzun ill\u0259rdi davam ed\u0259n Az\u0259rbaycan \u00d6zb\u0259kistan \u0259laq\u0259l\u0259rinin \u0259h\u0259miyy\u0259tind\u0259n v\u0259 bug\u00fcnki t\u0259dbirin bu y\u00f6n\u00fcmd\u0259 g\u00f6r\u00fcl\u0259n m\u00fch\u00fcm t\u0259dbirl\u0259rd\u0259n biri oldu\u011funu x\u00fcsusi qeyd etdi. Onun ard\u0131nca \u018fndican Vilay\u0259t T\u0259cili Tibbi Yard\u0131m Elmi M\u0259rk\u0259zinin direktoru prof. Dil\u015fad Hakimov \u00e7\u0131x\u0131\u015f ed\u0259r\u0259k t\u0259dbirin g\u00fcnd\u0259liyi, proqram\u0131 haqq\u0131nda \u00e7\u0131x\u0131\u015f etdi v\u0259 onun ard\u0131nca t\u0259dbir elmi proqramla \u00f6z i\u015fini davam etdirdi.<br \/>\nProf. Q. M\u00fcsl\u00fcmov \u00f6z \u00e7\u0131x\u0131\u015f\u0131nda &#8220;Onkoloji c\u0259rrahiyy\u0259d\u0259 minimal invaziv texnologiyalar\u0131n yeri v\u0259 rolu&#8221; haqq\u0131nda \u0259trafl\u0131 video m\u0259ruz\u0259 ed\u0259r\u0259k zalda i\u015ftirak\u00e7\u0131lar\u0131n suallar\u0131n\u0131 cavabland\u0131rd\u0131.<br \/>\nPhD. Dr. F. R\u0259fiyev &#8220;Revizionel bariatrik c\u0259rrahiyy\u0259&#8221; haqq\u0131nda ,<br \/>\nDr. \u0130. \u0130smal\u0131yov &#8220;Rektum x\u0259r\u00e7\u0259ngi c\u0259rrahiyy\u0259sind\u0259 orqan qoruyucu yana\u015fma&#8221; haqq\u0131nda,,<br \/>\nDoc. Dr. T. Rzayev &#8220;Post ERCP perforasiyalar\u0131n diaqnostikas\u0131 v\u0259 m\u00fcalic\u0259si&#8221; , Dr. Z. Azadova &#8220;Proktologiyada lazer texnologiyalar\u0131&#8221; haqq\u0131nda ,<br \/>\nDr. N. Al\u0131\u015fev &#8220;\u0130nvaziv Onkologiya : Yeni \u00fcf\u00fcql\u0259r&#8221; haqq\u0131nda, PhD. Dr. H. H\u0259s\u0259nova &#8220;Qida borusunun x\u0259r\u00e7\u0259ngi x\u0259st\u0259l\u0259rind\u0259 yaranan disfagiya<br \/>\nsimptomunun m\u00fcalic\u0259sind\u0259 endoskopik stentl\u0259\u015fm\u0259 t\u0259cr\u00fcb\u0259miz&#8221; haqq\u0131nda \u0259trafl\u0131 m\u0259ruz\u0259l\u0259rl\u0259 \u00e7\u0131x\u0131\u015f ed\u0259r\u0259k zalda i\u015ftirak\u00e7\u0131lar\u0131n suallar\u0131n\u0131 cavabland\u0131rd\u0131lar.<br \/>\nFasil\u0259d\u0259n sonra canl\u0131 c\u0259rrahiyy\u0259, ustad d\u0259rsl\u0259ri v\u0259 x\u0259st\u0259 konsultasiyalar\u0131 il\u0259 \u00f6z i\u015fini davam etdirdi. T\u0259dbir sabah \u018fndican D\u00f6vl\u0259t Tibb \u0130nstitutunda \u00f6z i\u015fini davam etdir\u0259c\u0259kdir.<\/p>\n<p><img decoding=\"async\" src=\"http:\/\/amicc.az\/wp-content\/uploads\/2024\/06\/photo_5474254230903708473_y.jpg\" \/><\/p>\n<p>&nbsp;<\/p>\n<p><img decoding=\"async\" src=\"http:\/\/amicc.az\/wp-content\/uploads\/2024\/06\/photo_5474254230903708475_y.jpg\" \/><\/p>\n<p>&nbsp;<\/p>\n<p><img decoding=\"async\" src=\"http:\/\/amicc.az\/wp-content\/uploads\/2024\/06\/photo_5474254230903708465_y.jpg\" \/><\/p>\n<p>&nbsp;<\/p>\n<p><img decoding=\"async\" src=\"http:\/\/amicc.az\/wp-content\/uploads\/2024\/06\/photo_5474254230903708476_y.jpg\" \/><\/p>\n<p>&nbsp;<\/p>\n<p><img decoding=\"async\" src=\"http:\/\/amicc.az\/wp-content\/uploads\/2024\/06\/photo_5474254230903708460_y.jpg\" \/><\/p>\n<p>&nbsp;<\/p>\n<p><img decoding=\"async\" src=\"http:\/\/amicc.az\/wp-content\/uploads\/2024\/06\/photo_5474254230903708472_y.jpg\" \/><\/p>\n<p>&nbsp;<\/p>\n<p><img decoding=\"async\" src=\"http:\/\/amicc.az\/wp-content\/uploads\/2024\/06\/photo_5474254230903708466_y.jpg\" \/><\/p>\n<p>&nbsp;<\/p>\n<p><img decoding=\"async\" src=\"http:\/\/amicc.az\/wp-content\/uploads\/2024\/06\/photo_5474254230903708461_y.jpg\" \/><\/p>\n<p>&nbsp;<\/p>\n<p><img decoding=\"async\" src=\"http:\/\/amicc.az\/wp-content\/uploads\/2024\/06\/photo_5474254230903708470_y.jpg\" \/><\/p>\n<p>&nbsp;<\/p>\n<p><img decoding=\"async\" src=\"http:\/\/amicc.az\/wp-content\/uploads\/2024\/06\/photo_5474254230903708457_y.jpg\" \/><\/p>\n<p>&nbsp;<\/p>\n<p><img decoding=\"async\" src=\"http:\/\/amicc.az\/wp-content\/uploads\/2024\/06\/photo_5474254230903708463_y.jpg\" \/><\/p>\n<p>&nbsp;<\/p>\n<p><img decoding=\"async\" src=\"http:\/\/amicc.az\/wp-content\/uploads\/2024\/06\/photo_5474254230903708462_y.jpg\" \/><\/p>\n<p>&nbsp;<\/p>\n<p><img decoding=\"async\" src=\"http:\/\/amicc.az\/wp-content\/uploads\/2024\/06\/photo_5474254230903708454_y.jpg\" \/><\/p>\n<p>&nbsp;<\/p>\n<p><img decoding=\"async\" src=\"http:\/\/amicc.az\/wp-content\/uploads\/2024\/06\/photo_5474254230903708451_y.jpg\" \/><\/p>\n<p>&nbsp;<\/p>\n<p><img decoding=\"async\" src=\"http:\/\/amicc.az\/wp-content\/uploads\/2024\/06\/photo_5474254230903708447_y.jpg\" \/><\/p>\n<p>&nbsp;<\/p>\n","protected":false},"excerpt":{"rendered":"<p>Bu g\u00fcn, \u00d6zb\u0259kistan Respublikas\u0131,\u018fndican \u015f\u0259h\u0259rind\u0259 \u00d6zb\u0259kistan S\u0259hiyy\u0259 Nazirliyi, \u00d6zb\u0259kistan T\u0259cili Tibbi Yard\u0131m Elmi T\u0259dqiqat M\u0259rk\u0259zi, \u018fndican Tibb \u0130nstitutu v\u0259 Az\u0259rbaycan Minimal \u0130nvaziv C\u0259rrahlar C\u0259miyy\u0259tinin birg\u0259 t\u0259\u015fkilat\u00e7\u0131l\u0131\u011f\u0131 il\u0259 Az\u0259rbaycan &#8211; \u00d6zb\u0259kistan tibb g\u00fcnl\u0259ri \u00f6z i\u015fin\u0259 ba\u015flad\u0131. T\u0259dbirin i\u015find\u0259 Az\u0259rbaycandan m\u00fcxt\u0259lif ixtisas sahibl\u0259ri olmaqla 8 n\u0259f\u0259r d\u0259v\u0259tli qonaq qismind\u0259 i\u015ftirak edib. T\u0259dbirin a\u00e7\u0131l\u0131\u015f\u0131 \u018fndican vilay\u0259ti hakiminin t\u0259dbir [&hellip;]<\/p>\n","protected":false},"author":3,"featured_media":0,"comment_status":"closed","ping_status":"closed","sticky":false,"template":"","format":"standard","meta":{"ngg_post_thumbnail":0,"footnotes":""},"categories":[1],"tags":[],"_links":{"self":[{"href":"https:\/\/amicc.az\/index.php?rest_route=\/wp\/v2\/posts\/2067"}],"collection":[{"href":"https:\/\/amicc.az\/index.php?rest_route=\/wp\/v2\/posts"}],"about":[{"href":"https:\/\/amicc.az\/index.php?rest_route=\/wp\/v2\/types\/post"}],"author":[{"embeddable":true,"href":"https:\/\/amicc.az\/index.php?rest_route=\/wp\/v2\/users\/3"}],"replies":[{"embeddable":true,"href":"https:\/\/amicc.az\/index.php?rest_route=%2Fwp%2Fv2%2Fcomments&post=2067"}],"version-history":[{"count":3,"href":"https:\/\/amicc.az\/index.php?rest_route=\/wp\/v2\/posts\/2067\/revisions"}],"predecessor-version":[{"id":2090,"href":"https:\/\/amicc.az\/index.php?rest_route=\/wp\/v2\/posts\/2067\/revisions\/2090"}],"wp:attachment":[{"href":"https:\/\/amicc.az\/index.php?rest_route=%2Fwp%2Fv2%2Fmedia&parent=2067"}],"wp:term":[{"taxonomy":"category","embeddable":true,"href":"https:\/\/amicc.az\/index.php?rest_route=%2Fwp%2Fv2%2Fcategories&post=2067"},{"taxonomy":"post_tag","embeddable":true,"href":"https:\/\/amicc.az\/index.php?rest_route=%2Fwp%2Fv2%2Ftags&post=2067"}],"curies":[{"name":"wp","href":"https:\/\/api.w.org\/{rel}","templated":true}]}}